{"id":22200,"date":"2026-04-29T11:55:28","date_gmt":"2026-04-29T09:55:28","guid":{"rendered":"https:\/\/getitmagazine.co.za\/joburg-north\/?p=22200"},"modified":"2026-04-29T11:55:28","modified_gmt":"2026-04-29T09:55:28","slug":"worlds-first-marcs-by-marc-jacobs-cafe","status":"publish","type":"post","link":"https:\/\/getitmagazine.co.za\/joburg-north\/blog\/2026\/04\/29\/worlds-first-marcs-by-marc-jacobs-cafe\/","title":{"rendered":"World&#8217;s first Marc\u2019s by Marc Jacobs caf\u00e9"},"content":{"rendered":"<p><strong>Step into the stylish Marc\u2019s by Marc Jacobs caf\u00e9 to indulge<\/strong><\/p>\n<p>A new designer caf\u00e9 draws on the energy and style of a New York caf\u00e9, reimagined for a South African audience and the first permanent Marc\u2019s by Marc Jacobs caf\u00e9 in the world.<br \/>\nLocated within Maison Deux, Hyde Park Corner \u2013 a luxury concept store that brings together international fashion houses, curated homeware and now a dining experience to match. The Marc Jacobs caf\u00e9 is intimate, bold, bright and cheerful. From the yellow imported La Marzocco custom-branded coffee machine to the collections of elegant treats on display.<\/p>\n<p><a href=\"https:\/\/getitmagazine.co.za\/joburg-north\/wp-content\/uploads\/sites\/19\/2026\/04\/Marcs-in-article-x.jpg\"><img loading=\"lazy\" decoding=\"async\" class=\"aligncenter size-medium wp-image-22203\" src=\"https:\/\/getitmagazine.co.za\/joburg-north\/wp-content\/uploads\/sites\/19\/2026\/04\/Marcs-in-article-x-400x300.jpg\" alt=\"\" width=\"400\" height=\"300\" srcset=\"https:\/\/getitmagazine.co.za\/joburg-north\/wp-content\/uploads\/sites\/19\/2026\/04\/Marcs-in-article-x-400x300.jpg 400w, https:\/\/getitmagazine.co.za\/joburg-north\/wp-content\/uploads\/sites\/19\/2026\/04\/Marcs-in-article-x-1024x768.jpg 1024w, https:\/\/getitmagazine.co.za\/joburg-north\/wp-content\/uploads\/sites\/19\/2026\/04\/Marcs-in-article-x-768x576.jpg 768w, https:\/\/getitmagazine.co.za\/joburg-north\/wp-content\/uploads\/sites\/19\/2026\/04\/Marcs-in-article-x-1536x1152.jpg 1536w, https:\/\/getitmagazine.co.za\/joburg-north\/wp-content\/uploads\/sites\/19\/2026\/04\/Marcs-in-article-x-560x420.jpg 560w, https:\/\/getitmagazine.co.za\/joburg-north\/wp-content\/uploads\/sites\/19\/2026\/04\/Marcs-in-article-x-80x60.jpg 80w, https:\/\/getitmagazine.co.za\/joburg-north\/wp-content\/uploads\/sites\/19\/2026\/04\/Marcs-in-article-x-696x522.jpg 696w, https:\/\/getitmagazine.co.za\/joburg-north\/wp-content\/uploads\/sites\/19\/2026\/04\/Marcs-in-article-x-1068x801.jpg 1068w, https:\/\/getitmagazine.co.za\/joburg-north\/wp-content\/uploads\/sites\/19\/2026\/04\/Marcs-in-article-x-265x198.jpg 265w, https:\/\/getitmagazine.co.za\/joburg-north\/wp-content\/uploads\/sites\/19\/2026\/04\/Marcs-in-article-x.jpg 1667w\" sizes=\"auto, (max-width: 400px) 100vw, 400px\" \/><\/a><br \/>\nFrom fragrance to flavour, each of these entremets is an experience on its own &#8211; with all of the ingredients being imported. A crowd pleaser is The Vanille Dream \u2013 tonka bean, cr\u00e8me br\u00fbl\u00e9e, vanilla and dark chocolate inspired by the soft warmth of the Daisy Love fragrance.<br \/>\nA good mix of mocktails and matchas look as sophisticated as they taste. We will definitely be back for the Golden Hour mocktail &#8230; a refreshing smooth, icy glass of mango, vanilla, coconut, lime and honey. And if you are looking to try something delightfully different, the Lavender Muse Matcha leaves a lingering flavour.<br \/>\nFrom breakfast waffles topped with smashed avo and bacon to a bagel with Norwegian salmon and caper aioli, each plate is impressively indulgent. Just as they would approach the design of a piece in a collection, the food follows the same philosophy.<\/p>\n<p><a href=\"https:\/\/getitmagazine.co.za\/joburg-north\/wp-content\/uploads\/sites\/19\/2026\/04\/Marcs-in-article.jpg\"><img loading=\"lazy\" decoding=\"async\" class=\"aligncenter size-medium wp-image-22202\" src=\"https:\/\/getitmagazine.co.za\/joburg-north\/wp-content\/uploads\/sites\/19\/2026\/04\/Marcs-in-article-400x300.jpg\" alt=\"\" width=\"400\" height=\"300\" srcset=\"https:\/\/getitmagazine.co.za\/joburg-north\/wp-content\/uploads\/sites\/19\/2026\/04\/Marcs-in-article-400x300.jpg 400w, https:\/\/getitmagazine.co.za\/joburg-north\/wp-content\/uploads\/sites\/19\/2026\/04\/Marcs-in-article-1024x768.jpg 1024w, https:\/\/getitmagazine.co.za\/joburg-north\/wp-content\/uploads\/sites\/19\/2026\/04\/Marcs-in-article-768x576.jpg 768w, https:\/\/getitmagazine.co.za\/joburg-north\/wp-content\/uploads\/sites\/19\/2026\/04\/Marcs-in-article-1536x1152.jpg 1536w, https:\/\/getitmagazine.co.za\/joburg-north\/wp-content\/uploads\/sites\/19\/2026\/04\/Marcs-in-article-560x420.jpg 560w, https:\/\/getitmagazine.co.za\/joburg-north\/wp-content\/uploads\/sites\/19\/2026\/04\/Marcs-in-article-80x60.jpg 80w, https:\/\/getitmagazine.co.za\/joburg-north\/wp-content\/uploads\/sites\/19\/2026\/04\/Marcs-in-article-696x522.jpg 696w, https:\/\/getitmagazine.co.za\/joburg-north\/wp-content\/uploads\/sites\/19\/2026\/04\/Marcs-in-article-1068x801.jpg 1068w, https:\/\/getitmagazine.co.za\/joburg-north\/wp-content\/uploads\/sites\/19\/2026\/04\/Marcs-in-article-265x198.jpg 265w, https:\/\/getitmagazine.co.za\/joburg-north\/wp-content\/uploads\/sites\/19\/2026\/04\/Marcs-in-article.jpg 1667w\" sizes=\"auto, (max-width: 400px) 100vw, 400px\" \/><\/a><\/p>\n<p>Marc\u2019s Harvest Salad wowed with beetroot and butternut prepared in multiple ways \u2013 roasted wedge, pur\u00e9e, thinly sliced terrine \u2013 so that different flavour profiles and textures appear throughout the dish. Open Monday to Saturday 9am to 6pm; Sundays and public holidays 10am to 3pm. <em>Details: <a href=\"https:\/\/maisondeux.co.za\/\">maisondeux.co.za<\/a><\/em><\/p>\n","protected":false},"excerpt":{"rendered":"<p>Step into the stylish Marc\u2019s by Marc Jacobs caf\u00e9 to indulge A new designer caf\u00e9 draws on the energy and style of a New York caf\u00e9, reimagined for a South African audience and the first permanent Marc\u2019s by Marc Jacobs caf\u00e9 in the world. Located within Maison Deux, Hyde Park Corner \u2013 a luxury concept [&hellip;]<\/p>\n","protected":false},"author":28,"featured_media":22201,"comment_status":"closed","ping_status":"closed","sticky":false,"template":"","format":"standard","meta":{"footnotes":""},"categories":[38,27],"tags":[9401,246,9400,9399],"class_list":{"0":"post-22200","1":"post","2":"type-post","3":"status-publish","4":"format-standard","5":"has-post-thumbnail","7":"category-food","8":"category-reviews","9":"tag-designercafe","10":"tag-food","11":"tag-marcscafe","12":"tag-worldfirst"},"yoast_head":"<!-- This site is optimized with the Yoast SEO plugin v27.4 - https:\/\/yoast.com\/product\/yoast-seo-wordpress\/ -->\n<title>World&#039;s first Marc\u2019s by Marc Jacobs caf\u00e9 - Get it Joburg North<\/title>\n<meta name=\"robots\" content=\"index, follow, max-snippet:-1, max-image-preview:large, max-video-preview:-1\" \/>\n<link rel=\"canonical\" href=\"https:\/\/getitmagazine.co.za\/joburg-north\/blog\/2026\/04\/29\/worlds-first-marcs-by-marc-jacobs-cafe\/\" \/>\n<meta property=\"og:locale\" content=\"en_US\" \/>\n<meta property=\"og:type\" content=\"article\" \/>\n<meta property=\"og:title\" content=\"World&#039;s first Marc\u2019s by Marc Jacobs caf\u00e9 - Get it Joburg North\" \/>\n<meta property=\"og:description\" content=\"Step into the stylish Marc\u2019s by Marc Jacobs caf\u00e9 to indulge A new designer caf\u00e9 draws on the energy and style of a New York caf\u00e9, reimagined for a South African audience and the first permanent Marc\u2019s by Marc Jacobs caf\u00e9 in the world. Located within Maison Deux, Hyde Park Corner \u2013 a luxury concept [&hellip;]\" \/>\n<meta property=\"og:url\" content=\"https:\/\/getitmagazine.co.za\/joburg-north\/blog\/2026\/04\/29\/worlds-first-marcs-by-marc-jacobs-cafe\/\" \/>\n<meta property=\"og:site_name\" content=\"Get it Joburg North\" \/>\n<meta property=\"article:publisher\" content=\"https:\/\/www.facebook.com\/getitjoburgnorth\" \/>\n<meta property=\"article:published_time\" content=\"2026-04-29T09:55:28+00:00\" \/>\n<meta property=\"og:image\" content=\"https:\/\/getitmagazine.co.za\/joburg-north\/wp-content\/uploads\/sites\/19\/2026\/04\/Marcs-website-scaled.jpg\" \/>\n\t<meta property=\"og:image:width\" content=\"2560\" \/>\n\t<meta property=\"og:image:height\" content=\"1103\" \/>\n\t<meta property=\"og:image:type\" content=\"image\/jpeg\" \/>\n<meta name=\"author\" content=\"Megan Brett | Workflow &amp; Studio Manager\" \/>\n<meta name=\"twitter:card\" content=\"summary_large_image\" \/>\n<meta name=\"twitter:creator\" content=\"@getitjhbnorth\" \/>\n<meta name=\"twitter:site\" content=\"@getitjhbnorth\" \/>\n<meta name=\"twitter:label1\" content=\"Written by\" \/>\n\t<meta name=\"twitter:data1\" content=\"Megan Brett | Workflow &amp; Studio Manager\" \/>\n\t<meta name=\"twitter:label2\" content=\"Est. reading time\" \/>\n\t<meta name=\"twitter:data2\" content=\"2 minutes\" \/>\n<script type=\"application\/ld+json\" class=\"yoast-schema-graph\">{\"@context\":\"https:\\\/\\\/schema.org\",\"@graph\":[{\"@type\":\"Article\",\"@id\":\"https:\\\/\\\/getitmagazine.co.za\\\/joburg-north\\\/blog\\\/2026\\\/04\\\/29\\\/worlds-first-marcs-by-marc-jacobs-cafe\\\/#article\",\"isPartOf\":{\"@id\":\"https:\\\/\\\/getitmagazine.co.za\\\/joburg-north\\\/blog\\\/2026\\\/04\\\/29\\\/worlds-first-marcs-by-marc-jacobs-cafe\\\/\"},\"author\":{\"name\":\"Megan Brett | Workflow &amp; Studio Manager\",\"@id\":\"https:\\\/\\\/getitmagazine.co.za\\\/joburg-north\\\/#\\\/schema\\\/person\\\/4888a5c237544ed096120bdfcbe170a8\"},\"headline\":\"World&#8217;s first Marc\u2019s by Marc Jacobs caf\u00e9\",\"datePublished\":\"2026-04-29T09:55:28+00:00\",\"mainEntityOfPage\":{\"@id\":\"https:\\\/\\\/getitmagazine.co.za\\\/joburg-north\\\/blog\\\/2026\\\/04\\\/29\\\/worlds-first-marcs-by-marc-jacobs-cafe\\\/\"},\"wordCount\":302,\"image\":{\"@id\":\"https:\\\/\\\/getitmagazine.co.za\\\/joburg-north\\\/blog\\\/2026\\\/04\\\/29\\\/worlds-first-marcs-by-marc-jacobs-cafe\\\/#primaryimage\"},\"thumbnailUrl\":\"https:\\\/\\\/getitmagazine.co.za\\\/joburg-north\\\/wp-content\\\/uploads\\\/sites\\\/19\\\/2026\\\/04\\\/Marcs-website-scaled.jpg\",\"keywords\":[\"designercafe\",\"food\",\"Marcscafe\",\"worldfirst\"],\"articleSection\":[\"FOOD &amp; WINE\",\"Reviews\"],\"inLanguage\":\"en-ZA\"},{\"@type\":\"WebPage\",\"@id\":\"https:\\\/\\\/getitmagazine.co.za\\\/joburg-north\\\/blog\\\/2026\\\/04\\\/29\\\/worlds-first-marcs-by-marc-jacobs-cafe\\\/\",\"url\":\"https:\\\/\\\/getitmagazine.co.za\\\/joburg-north\\\/blog\\\/2026\\\/04\\\/29\\\/worlds-first-marcs-by-marc-jacobs-cafe\\\/\",\"name\":\"World's first Marc\u2019s by Marc Jacobs caf\u00e9 - Get it Joburg North\",\"isPartOf\":{\"@id\":\"https:\\\/\\\/getitmagazine.co.za\\\/joburg-north\\\/#website\"},\"primaryImageOfPage\":{\"@id\":\"https:\\\/\\\/getitmagazine.co.za\\\/joburg-north\\\/blog\\\/2026\\\/04\\\/29\\\/worlds-first-marcs-by-marc-jacobs-cafe\\\/#primaryimage\"},\"image\":{\"@id\":\"https:\\\/\\\/getitmagazine.co.za\\\/joburg-north\\\/blog\\\/2026\\\/04\\\/29\\\/worlds-first-marcs-by-marc-jacobs-cafe\\\/#primaryimage\"},\"thumbnailUrl\":\"https:\\\/\\\/getitmagazine.co.za\\\/joburg-north\\\/wp-content\\\/uploads\\\/sites\\\/19\\\/2026\\\/04\\\/Marcs-website-scaled.jpg\",\"datePublished\":\"2026-04-29T09:55:28+00:00\",\"author\":{\"@id\":\"https:\\\/\\\/getitmagazine.co.za\\\/joburg-north\\\/#\\\/schema\\\/person\\\/4888a5c237544ed096120bdfcbe170a8\"},\"breadcrumb\":{\"@id\":\"https:\\\/\\\/getitmagazine.co.za\\\/joburg-north\\\/blog\\\/2026\\\/04\\\/29\\\/worlds-first-marcs-by-marc-jacobs-cafe\\\/#breadcrumb\"},\"inLanguage\":\"en-ZA\",\"potentialAction\":[{\"@type\":\"ReadAction\",\"target\":[\"https:\\\/\\\/getitmagazine.co.za\\\/joburg-north\\\/blog\\\/2026\\\/04\\\/29\\\/worlds-first-marcs-by-marc-jacobs-cafe\\\/\"]}]},{\"@type\":\"ImageObject\",\"inLanguage\":\"en-ZA\",\"@id\":\"https:\\\/\\\/getitmagazine.co.za\\\/joburg-north\\\/blog\\\/2026\\\/04\\\/29\\\/worlds-first-marcs-by-marc-jacobs-cafe\\\/#primaryimage\",\"url\":\"https:\\\/\\\/getitmagazine.co.za\\\/joburg-north\\\/wp-content\\\/uploads\\\/sites\\\/19\\\/2026\\\/04\\\/Marcs-website-scaled.jpg\",\"contentUrl\":\"https:\\\/\\\/getitmagazine.co.za\\\/joburg-north\\\/wp-content\\\/uploads\\\/sites\\\/19\\\/2026\\\/04\\\/Marcs-website-scaled.jpg\",\"width\":2560,\"height\":1103},{\"@type\":\"BreadcrumbList\",\"@id\":\"https:\\\/\\\/getitmagazine.co.za\\\/joburg-north\\\/blog\\\/2026\\\/04\\\/29\\\/worlds-first-marcs-by-marc-jacobs-cafe\\\/#breadcrumb\",\"itemListElement\":[{\"@type\":\"ListItem\",\"position\":1,\"name\":\"Home\",\"item\":\"https:\\\/\\\/getitmagazine.co.za\\\/joburg-north\\\/\"},{\"@type\":\"ListItem\",\"position\":2,\"name\":\"World&#8217;s first Marc\u2019s by Marc Jacobs caf\u00e9\"}]},{\"@type\":\"WebSite\",\"@id\":\"https:\\\/\\\/getitmagazine.co.za\\\/joburg-north\\\/#website\",\"url\":\"https:\\\/\\\/getitmagazine.co.za\\\/joburg-north\\\/\",\"name\":\"Get it Joburg North\",\"description\":\"Lifestyle Magazine\",\"potentialAction\":[{\"@type\":\"SearchAction\",\"target\":{\"@type\":\"EntryPoint\",\"urlTemplate\":\"https:\\\/\\\/getitmagazine.co.za\\\/joburg-north\\\/?s={search_term_string}\"},\"query-input\":{\"@type\":\"PropertyValueSpecification\",\"valueRequired\":true,\"valueName\":\"search_term_string\"}}],\"inLanguage\":\"en-ZA\"},{\"@type\":\"Person\",\"@id\":\"https:\\\/\\\/getitmagazine.co.za\\\/joburg-north\\\/#\\\/schema\\\/person\\\/4888a5c237544ed096120bdfcbe170a8\",\"name\":\"Megan Brett | Workflow &amp; Studio Manager\",\"image\":{\"@type\":\"ImageObject\",\"inLanguage\":\"en-ZA\",\"@id\":\"https:\\\/\\\/getitmagazine.co.za\\\/wp-content\\\/uploads\\\/2019\\\/07\\\/avatar_user_28_1562572594-96x96.jpg\",\"url\":\"https:\\\/\\\/getitmagazine.co.za\\\/wp-content\\\/uploads\\\/2019\\\/07\\\/avatar_user_28_1562572594-96x96.jpg\",\"contentUrl\":\"https:\\\/\\\/getitmagazine.co.za\\\/wp-content\\\/uploads\\\/2019\\\/07\\\/avatar_user_28_1562572594-96x96.jpg\",\"caption\":\"Megan Brett | Workflow &amp; Studio Manager\"},\"description\":\"megan@caxton.co.za\",\"url\":\"https:\\\/\\\/getitmagazine.co.za\\\/joburg-north\\\/blog\\\/author\\\/meganb\\\/\"}]}<\/script>\n<!-- \/ Yoast SEO plugin. -->","yoast_head_json":{"title":"World's first Marc\u2019s by Marc Jacobs caf\u00e9 - Get it Joburg North","robots":{"index":"index","follow":"follow","max-snippet":"max-snippet:-1","max-image-preview":"max-image-preview:large","max-video-preview":"max-video-preview:-1"},"canonical":"https:\/\/getitmagazine.co.za\/joburg-north\/blog\/2026\/04\/29\/worlds-first-marcs-by-marc-jacobs-cafe\/","og_locale":"en_US","og_type":"article","og_title":"World's first Marc\u2019s by Marc Jacobs caf\u00e9 - Get it Joburg North","og_description":"Step into the stylish Marc\u2019s by Marc Jacobs caf\u00e9 to indulge A new designer caf\u00e9 draws on the energy and style of a New York caf\u00e9, reimagined for a South African audience and the first permanent Marc\u2019s by Marc Jacobs caf\u00e9 in the world. Located within Maison Deux, Hyde Park Corner \u2013 a luxury concept [&hellip;]","og_url":"https:\/\/getitmagazine.co.za\/joburg-north\/blog\/2026\/04\/29\/worlds-first-marcs-by-marc-jacobs-cafe\/","og_site_name":"Get it Joburg North","article_publisher":"https:\/\/www.facebook.com\/getitjoburgnorth","article_published_time":"2026-04-29T09:55:28+00:00","og_image":[{"width":2560,"height":1103,"url":"https:\/\/getitmagazine.co.za\/joburg-north\/wp-content\/uploads\/sites\/19\/2026\/04\/Marcs-website-scaled.jpg","type":"image\/jpeg"}],"author":"Megan Brett | Workflow &amp; Studio Manager","twitter_card":"summary_large_image","twitter_creator":"@getitjhbnorth","twitter_site":"@getitjhbnorth","twitter_misc":{"Written by":"Megan Brett | Workflow &amp; Studio Manager","Est. reading time":"2 minutes"},"schema":{"@context":"https:\/\/schema.org","@graph":[{"@type":"Article","@id":"https:\/\/getitmagazine.co.za\/joburg-north\/blog\/2026\/04\/29\/worlds-first-marcs-by-marc-jacobs-cafe\/#article","isPartOf":{"@id":"https:\/\/getitmagazine.co.za\/joburg-north\/blog\/2026\/04\/29\/worlds-first-marcs-by-marc-jacobs-cafe\/"},"author":{"name":"Megan Brett | Workflow &amp; Studio Manager","@id":"https:\/\/getitmagazine.co.za\/joburg-north\/#\/schema\/person\/4888a5c237544ed096120bdfcbe170a8"},"headline":"World&#8217;s first Marc\u2019s by Marc Jacobs caf\u00e9","datePublished":"2026-04-29T09:55:28+00:00","mainEntityOfPage":{"@id":"https:\/\/getitmagazine.co.za\/joburg-north\/blog\/2026\/04\/29\/worlds-first-marcs-by-marc-jacobs-cafe\/"},"wordCount":302,"image":{"@id":"https:\/\/getitmagazine.co.za\/joburg-north\/blog\/2026\/04\/29\/worlds-first-marcs-by-marc-jacobs-cafe\/#primaryimage"},"thumbnailUrl":"https:\/\/getitmagazine.co.za\/joburg-north\/wp-content\/uploads\/sites\/19\/2026\/04\/Marcs-website-scaled.jpg","keywords":["designercafe","food","Marcscafe","worldfirst"],"articleSection":["FOOD &amp; WINE","Reviews"],"inLanguage":"en-ZA"},{"@type":"WebPage","@id":"https:\/\/getitmagazine.co.za\/joburg-north\/blog\/2026\/04\/29\/worlds-first-marcs-by-marc-jacobs-cafe\/","url":"https:\/\/getitmagazine.co.za\/joburg-north\/blog\/2026\/04\/29\/worlds-first-marcs-by-marc-jacobs-cafe\/","name":"World's first Marc\u2019s by Marc Jacobs caf\u00e9 - Get it Joburg North","isPartOf":{"@id":"https:\/\/getitmagazine.co.za\/joburg-north\/#website"},"primaryImageOfPage":{"@id":"https:\/\/getitmagazine.co.za\/joburg-north\/blog\/2026\/04\/29\/worlds-first-marcs-by-marc-jacobs-cafe\/#primaryimage"},"image":{"@id":"https:\/\/getitmagazine.co.za\/joburg-north\/blog\/2026\/04\/29\/worlds-first-marcs-by-marc-jacobs-cafe\/#primaryimage"},"thumbnailUrl":"https:\/\/getitmagazine.co.za\/joburg-north\/wp-content\/uploads\/sites\/19\/2026\/04\/Marcs-website-scaled.jpg","datePublished":"2026-04-29T09:55:28+00:00","author":{"@id":"https:\/\/getitmagazine.co.za\/joburg-north\/#\/schema\/person\/4888a5c237544ed096120bdfcbe170a8"},"breadcrumb":{"@id":"https:\/\/getitmagazine.co.za\/joburg-north\/blog\/2026\/04\/29\/worlds-first-marcs-by-marc-jacobs-cafe\/#breadcrumb"},"inLanguage":"en-ZA","potentialAction":[{"@type":"ReadAction","target":["https:\/\/getitmagazine.co.za\/joburg-north\/blog\/2026\/04\/29\/worlds-first-marcs-by-marc-jacobs-cafe\/"]}]},{"@type":"ImageObject","inLanguage":"en-ZA","@id":"https:\/\/getitmagazine.co.za\/joburg-north\/blog\/2026\/04\/29\/worlds-first-marcs-by-marc-jacobs-cafe\/#primaryimage","url":"https:\/\/getitmagazine.co.za\/joburg-north\/wp-content\/uploads\/sites\/19\/2026\/04\/Marcs-website-scaled.jpg","contentUrl":"https:\/\/getitmagazine.co.za\/joburg-north\/wp-content\/uploads\/sites\/19\/2026\/04\/Marcs-website-scaled.jpg","width":2560,"height":1103},{"@type":"BreadcrumbList","@id":"https:\/\/getitmagazine.co.za\/joburg-north\/blog\/2026\/04\/29\/worlds-first-marcs-by-marc-jacobs-cafe\/#breadcrumb","itemListElement":[{"@type":"ListItem","position":1,"name":"Home","item":"https:\/\/getitmagazine.co.za\/joburg-north\/"},{"@type":"ListItem","position":2,"name":"World&#8217;s first Marc\u2019s by Marc Jacobs caf\u00e9"}]},{"@type":"WebSite","@id":"https:\/\/getitmagazine.co.za\/joburg-north\/#website","url":"https:\/\/getitmagazine.co.za\/joburg-north\/","name":"Get it Joburg North","description":"Lifestyle Magazine","potentialAction":[{"@type":"SearchAction","target":{"@type":"EntryPoint","urlTemplate":"https:\/\/getitmagazine.co.za\/joburg-north\/?s={search_term_string}"},"query-input":{"@type":"PropertyValueSpecification","valueRequired":true,"valueName":"search_term_string"}}],"inLanguage":"en-ZA"},{"@type":"Person","@id":"https:\/\/getitmagazine.co.za\/joburg-north\/#\/schema\/person\/4888a5c237544ed096120bdfcbe170a8","name":"Megan Brett | Workflow &amp; Studio Manager","image":{"@type":"ImageObject","inLanguage":"en-ZA","@id":"https:\/\/getitmagazine.co.za\/wp-content\/uploads\/2019\/07\/avatar_user_28_1562572594-96x96.jpg","url":"https:\/\/getitmagazine.co.za\/wp-content\/uploads\/2019\/07\/avatar_user_28_1562572594-96x96.jpg","contentUrl":"https:\/\/getitmagazine.co.za\/wp-content\/uploads\/2019\/07\/avatar_user_28_1562572594-96x96.jpg","caption":"Megan Brett | Workflow &amp; Studio Manager"},"description":"megan@caxton.co.za","url":"https:\/\/getitmagazine.co.za\/joburg-north\/blog\/author\/meganb\/"}]}},"_links":{"self":[{"href":"https:\/\/getitmagazine.co.za\/joburg-north\/wp-json\/wp\/v2\/posts\/22200","targetHints":{"allow":["GET"]}}],"collection":[{"href":"https:\/\/getitmagazine.co.za\/joburg-north\/wp-json\/wp\/v2\/posts"}],"about":[{"href":"https:\/\/getitmagazine.co.za\/joburg-north\/wp-json\/wp\/v2\/types\/post"}],"author":[{"embeddable":true,"href":"https:\/\/getitmagazine.co.za\/joburg-north\/wp-json\/wp\/v2\/users\/28"}],"replies":[{"embeddable":true,"href":"https:\/\/getitmagazine.co.za\/joburg-north\/wp-json\/wp\/v2\/comments?post=22200"}],"version-history":[{"count":1,"href":"https:\/\/getitmagazine.co.za\/joburg-north\/wp-json\/wp\/v2\/posts\/22200\/revisions"}],"predecessor-version":[{"id":22204,"href":"https:\/\/getitmagazine.co.za\/joburg-north\/wp-json\/wp\/v2\/posts\/22200\/revisions\/22204"}],"wp:featuredmedia":[{"embeddable":true,"href":"https:\/\/getitmagazine.co.za\/joburg-north\/wp-json\/wp\/v2\/media\/22201"}],"wp:attachment":[{"href":"https:\/\/getitmagazine.co.za\/joburg-north\/wp-json\/wp\/v2\/media?parent=22200"}],"wp:term":[{"taxonomy":"category","embeddable":true,"href":"https:\/\/getitmagazine.co.za\/joburg-north\/wp-json\/wp\/v2\/categories?post=22200"},{"taxonomy":"post_tag","embeddable":true,"href":"https:\/\/getitmagazine.co.za\/joburg-north\/wp-json\/wp\/v2\/tags?post=22200"}],"curies":[{"name":"wp","href":"https:\/\/api.w.org\/{rel}","templated":true}]}}